{"id":2042,"date":"2025-09-14T09:22:57","date_gmt":"2025-09-14T09:22:57","guid":{"rendered":"https:\/\/antide.net\/?p=2042"},"modified":"2025-10-01T13:27:26","modified_gmt":"2025-10-01T13:27:26","slug":"les-textes-qui-accompagnent-les-oeuvres-une-ecriture-en-miroir-de-lart","status":"publish","type":"post","link":"http:\/\/antide.net\/en\/les-textes-qui-accompagnent-les-oeuvres-une-ecriture-en-miroir-de-lart","title":{"rendered":"The texts that accompany the artworks: writing as a mirror of art"},"content":{"rendered":"<div data-elementor-type=\"wp-post\" data-elementor-id=\"2042\" class=\"elementor elementor-2042\">\n\t\t\t\t<div class=\"elementor-element elementor-element-038975e e-flex e-con-boxed e-con e-parent\" data-id=\"038975e\" data-element_type=\"container\" data-e-type=\"container\">\n\t\t\t\t\t<div class=\"e-con-inner\">\n\t\t\t\t<div class=\"elementor-element elementor-element-84a53d7 elementor-widget elementor-widget-text-editor\" data-id=\"84a53d7\" data-element_type=\"widget\" data-e-type=\"widget\" data-widget_type=\"text-editor.default\">\n\t\t\t\t<div class=\"elementor-widget-container\">\n\t\t\t\t\t\t\t\t\t<h3>For Antide, each artwork goes beyond its material form. Wood, stone, metal, or canvas all enter into dialogue with gold leaf, but also with words. The texts that accompany his creations are not simple descriptions: they extend the experience, opening a new space of resonance.<\/h3>\t\t\t\t\t\t\t\t<\/div>\n\t\t\t\t<\/div>\n\t\t\t\t\t<\/div>\n\t\t\t\t<\/div>\n\t\t<div class=\"elementor-element elementor-element-520a13d e-flex e-con-boxed e-con e-parent\" data-id=\"520a13d\" data-element_type=\"container\" data-e-type=\"container\">\n\t\t\t\t\t<div class=\"e-con-inner\">\n\t\t<div class=\"elementor-element elementor-element-dead1a1 e-con-full e-flex e-con e-child\" data-id=\"dead1a1\" data-element_type=\"container\" data-e-type=\"container\">\n\t\t\t\t<div class=\"elementor-element elementor-element-0dcddf7 elementor-widget elementor-widget-image\" data-id=\"0dcddf7\" data-element_type=\"widget\" data-e-type=\"widget\" data-widget_type=\"image.default\">\n\t\t\t\t<div class=\"elementor-widget-container\">\n\t\t\t\t\t\t\t\t\t\t\t\t\t\t\t<img fetchpriority=\"high\" decoding=\"async\" width=\"1024\" height=\"1024\" src=\"https:\/\/i0.wp.com\/antide.net\/wp-content\/uploads\/2025\/09\/Point-de-rupture.png?fit=1024%2C1024\" class=\"attachment-large size-large wp-image-1935\" alt=\"\" srcset=\"https:\/\/i0.wp.com\/antide.net\/wp-content\/uploads\/2025\/09\/Point-de-rupture.png?w=1897 1897w, https:\/\/i0.wp.com\/antide.net\/wp-content\/uploads\/2025\/09\/Point-de-rupture.png?resize=500%2C500 500w, https:\/\/i0.wp.com\/antide.net\/wp-content\/uploads\/2025\/09\/Point-de-rupture.png?resize=1024%2C1024 1024w, https:\/\/i0.wp.com\/antide.net\/wp-content\/uploads\/2025\/09\/Point-de-rupture.png?resize=150%2C150 150w, https:\/\/i0.wp.com\/antide.net\/wp-content\/uploads\/2025\/09\/Point-de-rupture.png?resize=768%2C768 768w, https:\/\/i0.wp.com\/antide.net\/wp-content\/uploads\/2025\/09\/Point-de-rupture.png?resize=1536%2C1536 1536w, https:\/\/i0.wp.com\/antide.net\/wp-content\/uploads\/2025\/09\/Point-de-rupture.png?resize=12%2C12 12w, https:\/\/i0.wp.com\/antide.net\/wp-content\/uploads\/2025\/09\/Point-de-rupture.png?resize=1000%2C1001 1000w, https:\/\/i0.wp.com\/antide.net\/wp-content\/uploads\/2025\/09\/Point-de-rupture.png?resize=230%2C230 230w, https:\/\/i0.wp.com\/antide.net\/wp-content\/uploads\/2025\/09\/Point-de-rupture.png?resize=350%2C350 350w, https:\/\/i0.wp.com\/antide.net\/wp-content\/uploads\/2025\/09\/Point-de-rupture.png?resize=480%2C480 480w\" sizes=\"(max-width: 1024px) 100vw, 1024px\" \/>\t\t\t\t\t\t\t\t\t\t\t\t\t\t\t<\/div>\n\t\t\t\t<\/div>\n\t\t\t\t<\/div>\n\t\t<div class=\"elementor-element elementor-element-493ed58 e-con-full e-flex e-con e-child\" data-id=\"493ed58\" data-element_type=\"container\" data-e-type=\"container\">\n\t\t\t\t<div class=\"elementor-element elementor-element-1fef8ad elementor-widget elementor-widget-image\" data-id=\"1fef8ad\" data-element_type=\"widget\" data-e-type=\"widget\" data-widget_type=\"image.default\">\n\t\t\t\t<div class=\"elementor-widget-container\">\n\t\t\t\t\t\t\t\t\t\t\t\t\t\t\t<img decoding=\"async\" width=\"498\" height=\"464\" src=\"https:\/\/i0.wp.com\/antide.net\/wp-content\/uploads\/2025\/09\/Point-de-rupture-Texte-.png?fit=498%2C464\" class=\"attachment-large size-large wp-image-2045\" alt=\"\" srcset=\"https:\/\/i0.wp.com\/antide.net\/wp-content\/uploads\/2025\/09\/Point-de-rupture-Texte-.png?w=498 498w, https:\/\/i0.wp.com\/antide.net\/wp-content\/uploads\/2025\/09\/Point-de-rupture-Texte-.png?resize=13%2C12 13w, https:\/\/i0.wp.com\/antide.net\/wp-content\/uploads\/2025\/09\/Point-de-rupture-Texte-.png?resize=230%2C214 230w, https:\/\/i0.wp.com\/antide.net\/wp-content\/uploads\/2025\/09\/Point-de-rupture-Texte-.png?resize=350%2C326 350w, https:\/\/i0.wp.com\/antide.net\/wp-content\/uploads\/2025\/09\/Point-de-rupture-Texte-.png?resize=480%2C447 480w\" sizes=\"(max-width: 498px) 100vw, 498px\" \/>\t\t\t\t\t\t\t\t\t\t\t\t\t\t\t<\/div>\n\t\t\t\t<\/div>\n\t\t\t\t<\/div>\n\t\t\t\t\t<\/div>\n\t\t\t\t<\/div>\n\t\t<div class=\"elementor-element elementor-element-2e7f8ef e-flex e-con-boxed e-con e-parent\" data-id=\"2e7f8ef\" data-element_type=\"container\" data-e-type=\"container\">\n\t\t\t\t\t<div class=\"e-con-inner\">\n\t\t\t\t<div class=\"elementor-element elementor-element-a08a352 elementor-widget elementor-widget-text-editor\" data-id=\"a08a352\" data-element_type=\"widget\" data-e-type=\"widget\" data-widget_type=\"text-editor.default\">\n\t\t\t\t<div class=\"elementor-widget-container\">\n\t\t\t\t\t\t\t\t\t<p data-start=\"723\" data-end=\"1040\">This writing, both poetic and introspective, reveals the hidden soul of the works. It offers viewers an entry point into the emotion and intimacy of the artistic gesture. Reading these texts is like stepping into a mirror where visual art and literature intertwine, becoming a single creation.<\/p>\t\t\t\t\t\t\t\t<\/div>\n\t\t\t\t<\/div>\n\t\t\t\t\t<\/div>\n\t\t\t\t<\/div>\n\t\t<div class=\"elementor-element elementor-element-5658bff e-flex e-con-boxed e-con e-parent\" data-id=\"5658bff\" data-element_type=\"container\" data-e-type=\"container\">\n\t\t\t\t\t<div class=\"e-con-inner\">\n\t\t\t\t<div class=\"elementor-element elementor-element-9d93fff elementor-widget__width-initial elementor-widget elementor-widget-text-editor\" data-id=\"9d93fff\" data-element_type=\"widget\" data-e-type=\"widget\" data-widget_type=\"text-editor.default\">\n\t\t\t\t<div class=\"elementor-widget-container\">\n\t\t\t\t\t\t\t\t\t<p>The link between words and images is ancient. Since Antiquity, poetry has sought to translate visual emotions into language: Homer described the brilliance of bronze and gold, while Ovid turned materials into symbols in his Metamorphoses.\u00a0<\/p>\t\t\t\t\t\t\t\t<\/div>\n\t\t\t\t<\/div>\n\t\t\t\t\t<\/div>\n\t\t\t\t<\/div>\n\t\t<div class=\"elementor-element elementor-element-e9845ff e-flex e-con-boxed e-con e-parent\" data-id=\"e9845ff\" data-element_type=\"container\" data-e-type=\"container\">\n\t\t\t\t\t<div class=\"e-con-inner\">\n\t\t<div class=\"elementor-element elementor-element-f80c1c3 e-con-full e-flex e-con e-child\" data-id=\"f80c1c3\" data-element_type=\"container\" data-e-type=\"container\">\n\t\t\t\t<div class=\"elementor-element elementor-element-04e65fd elementor-widget elementor-widget-text-editor\" data-id=\"04e65fd\" data-element_type=\"widget\" data-e-type=\"widget\" data-widget_type=\"text-editor.default\">\n\t\t\t\t<div class=\"elementor-widget-container\">\n\t\t\t\t\t\t\t\t\t<p>Later, Symbolist poets such as Baudelaire spoke of \u201ccorrespondences\u201d between the arts, where painting called for words, and words evoked colors and forms.<\/p><p>In the history of art, too, text and image have long been entwined. Illuminated manuscripts combined visual power with literary beauty, while the Surrealists blurred the lines between literature and the visual arts, affirming that creativity cannot be confined to a single discipline.<\/p>\t\t\t\t\t\t\t\t<\/div>\n\t\t\t\t<\/div>\n\t\t\t\t<\/div>\n\t\t<div class=\"elementor-element elementor-element-79ff30d e-con-full e-flex e-con e-child\" data-id=\"79ff30d\" data-element_type=\"container\" data-e-type=\"container\">\n\t\t<div class=\"elementor-element elementor-element-fbb152f e-con-full e-flex e-con e-child\" data-id=\"fbb152f\" data-element_type=\"container\" data-e-type=\"container\">\n\t\t\t\t<div class=\"elementor-element elementor-element-9c10984 elementor-widget elementor-widget-image\" data-id=\"9c10984\" data-element_type=\"widget\" data-e-type=\"widget\" data-widget_type=\"image.default\">\n\t\t\t\t<div class=\"elementor-widget-container\">\n\t\t\t\t\t\t\t\t\t\t\t\t<figure class=\"wp-caption\">\n\t\t\t\t\t\t\t\t\t\t<img decoding=\"async\" width=\"1024\" height=\"767\" src=\"https:\/\/i0.wp.com\/antide.net\/wp-content\/uploads\/2025\/09\/Enluminure-medievale-scaled.webp?fit=1024%2C767\" class=\"attachment-large size-large wp-image-2047\" alt=\"\" srcset=\"https:\/\/i0.wp.com\/antide.net\/wp-content\/uploads\/2025\/09\/Enluminure-medievale-scaled.webp?w=2560 2560w, https:\/\/i0.wp.com\/antide.net\/wp-content\/uploads\/2025\/09\/Enluminure-medievale-scaled.webp?resize=500%2C375 500w, https:\/\/i0.wp.com\/antide.net\/wp-content\/uploads\/2025\/09\/Enluminure-medievale-scaled.webp?resize=1024%2C767 1024w, https:\/\/i0.wp.com\/antide.net\/wp-content\/uploads\/2025\/09\/Enluminure-medievale-scaled.webp?resize=768%2C575 768w, https:\/\/i0.wp.com\/antide.net\/wp-content\/uploads\/2025\/09\/Enluminure-medievale-scaled.webp?resize=1536%2C1151 1536w, https:\/\/i0.wp.com\/antide.net\/wp-content\/uploads\/2025\/09\/Enluminure-medievale-scaled.webp?resize=2048%2C1534 2048w, https:\/\/i0.wp.com\/antide.net\/wp-content\/uploads\/2025\/09\/Enluminure-medievale-scaled.webp?resize=16%2C12 16w, https:\/\/i0.wp.com\/antide.net\/wp-content\/uploads\/2025\/09\/Enluminure-medievale-scaled.webp?resize=1000%2C749 1000w, https:\/\/i0.wp.com\/antide.net\/wp-content\/uploads\/2025\/09\/Enluminure-medievale-scaled.webp?resize=230%2C172 230w, https:\/\/i0.wp.com\/antide.net\/wp-content\/uploads\/2025\/09\/Enluminure-medievale-scaled.webp?resize=350%2C262 350w, https:\/\/i0.wp.com\/antide.net\/wp-content\/uploads\/2025\/09\/Enluminure-medievale-scaled.webp?resize=480%2C360 480w, https:\/\/i0.wp.com\/antide.net\/wp-content\/uploads\/2025\/09\/Enluminure-medievale-scaled.webp?w=2340 2340w\" sizes=\"(max-width: 1024px) 100vw, 1024px\" \/>\t\t\t\t\t\t\t\t\t\t\t<figcaption class=\"widget-image-caption wp-caption-text\">Enluminure me\u0301di\u00e9vale<\/figcaption>\n\t\t\t\t\t\t\t\t\t\t<\/figure>\n\t\t\t\t\t\t\t\t\t<\/div>\n\t\t\t\t<\/div>\n\t\t\t\t<\/div>\n\t\t<div class=\"elementor-element elementor-element-0d28c31 e-con-full e-flex e-con e-child\" data-id=\"0d28c31\" data-element_type=\"container\" data-e-type=\"container\">\n\t\t\t\t<div class=\"elementor-element elementor-element-56c2e22 elementor-widget elementor-widget-image\" data-id=\"56c2e22\" data-element_type=\"widget\" data-e-type=\"widget\" data-widget_type=\"image.default\">\n\t\t\t\t<div class=\"elementor-widget-container\">\n\t\t\t\t\t\t\t\t\t\t\t\t<figure class=\"wp-caption\">\n\t\t\t\t\t\t\t\t\t\t<img loading=\"lazy\" decoding=\"async\" width=\"720\" height=\"834\" src=\"https:\/\/i0.wp.com\/antide.net\/wp-content\/uploads\/2025\/09\/Andre-Breton-Lettre-et-collage.jpg?fit=720%2C834\" class=\"attachment-large size-large wp-image-2048\" alt=\"\" srcset=\"https:\/\/i0.wp.com\/antide.net\/wp-content\/uploads\/2025\/09\/Andre-Breton-Lettre-et-collage.jpg?w=720 720w, https:\/\/i0.wp.com\/antide.net\/wp-content\/uploads\/2025\/09\/Andre-Breton-Lettre-et-collage.jpg?resize=432%2C500 432w, https:\/\/i0.wp.com\/antide.net\/wp-content\/uploads\/2025\/09\/Andre-Breton-Lettre-et-collage.jpg?resize=10%2C12 10w, https:\/\/i0.wp.com\/antide.net\/wp-content\/uploads\/2025\/09\/Andre-Breton-Lettre-et-collage.jpg?resize=230%2C266 230w, https:\/\/i0.wp.com\/antide.net\/wp-content\/uploads\/2025\/09\/Andre-Breton-Lettre-et-collage.jpg?resize=350%2C405 350w, https:\/\/i0.wp.com\/antide.net\/wp-content\/uploads\/2025\/09\/Andre-Breton-Lettre-et-collage.jpg?resize=480%2C556 480w\" sizes=\"(max-width: 720px) 100vw, 720px\" \/>\t\t\t\t\t\t\t\t\t\t\t<figcaption class=\"widget-image-caption wp-caption-text\">A. Breton : Lettre et collage<\/figcaption>\n\t\t\t\t\t\t\t\t\t\t<\/figure>\n\t\t\t\t\t\t\t\t\t<\/div>\n\t\t\t\t<\/div>\n\t\t\t\t<\/div>\n\t\t\t\t<\/div>\n\t\t\t\t\t<\/div>\n\t\t\t\t<\/div>\n\t\t<div class=\"elementor-element elementor-element-f22c767 e-flex e-con-boxed e-con e-parent\" data-id=\"f22c767\" data-element_type=\"container\" data-e-type=\"container\">\n\t\t\t\t\t<div class=\"e-con-inner\">\n\t\t\t\t<div class=\"elementor-element elementor-element-bb78acf elementor-widget elementor-widget-text-editor\" data-id=\"bb78acf\" data-element_type=\"widget\" data-e-type=\"widget\" data-widget_type=\"text-editor.default\">\n\t\t\t\t<div class=\"elementor-widget-container\">\n\t\t\t\t\t\t\t\t\t<p>In Antide\u2019s work, this tradition is renewed. Words, like gold, capture a fleeting sensation, hold onto the light, and preserve an instant. They say what material alone cannot express, inviting each person to reflect on time, beauty, and eternity.<\/p>\t\t\t\t\t\t\t\t<\/div>\n\t\t\t\t<\/div>\n\t\t\t\t<div class=\"elementor-element elementor-element-88c2f09 elementor-widget elementor-widget-text-editor\" data-id=\"88c2f09\" data-element_type=\"widget\" data-e-type=\"widget\" data-widget_type=\"text-editor.default\">\n\t\t\t\t<div class=\"elementor-widget-container\">\n\t\t\t\t\t\t\t\t\t<h4>To own one of Antide\u2019s works is therefore also to receive a fragment of literature, a narrative that enriches the material. The texts become an essential extension of the aesthetic experience, like a discreet but present voice accompanying the golden light of the artworks.<\/h4>\t\t\t\t\t\t\t\t<\/div>\n\t\t\t\t<\/div>\n\t\t\t\t\t<\/div>\n\t\t\t\t<\/div>\n\t\t\t\t<\/div>","protected":false},"excerpt":{"rendered":"<p>Chez Antide, chaque \u0153uvre ne s\u2019arr\u00eate pas \u00e0 sa mat\u00e9rialit\u00e9. Bois, pierre, m\u00e9tal ou toile dialoguent avec la feuille d\u2019or, mais aussi [&hellip;]<\/p>\n","protected":false},"author":1,"featured_media":1935,"comment_status":"closed","ping_status":"closed","sticky":false,"template":"","format":"standard","meta":{"_jetpack_memberships_contains_paid_content":false,"footnotes":"","jetpack_publicize_message":"","jetpack_publicize_feature_enabled":true,"jetpack_social_post_already_shared":true,"jetpack_social_options":{"image_generator_settings":{"template":"highway","default_image_id":0,"font":"","enabled":false},"version":2}},"categories":[19],"tags":[23,21,20,6,24,22],"class_list":["post-2042","post","type-post","status-publish","format-standard","has-post-thumbnail","hentry","category-ecriture-poesie","tag-art-contemporain","tag-art-et-litterature","tag-ecriture-poetique","tag-feuille-dor","tag-poesie-et-peinture","tag-texte-et-art"],"yoast_head":"<!-- This site is optimized with the Yoast SEO plugin v27.5 - https:\/\/yoast.com\/product\/yoast-seo-wordpress\/ -->\n<title>\u00c9criture po\u00e9tique et art contemporain : la qu\u00eate des sens - Antide<\/title>\n<meta name=\"description\" content=\"Plongez dans l&#039;\u00e9criture po\u00e9tique et art contemporain et d\u00e9couvrez comment les mots et les images s&#039;entrelacent dans la cr\u00e9ation.\" \/>\n<meta name=\"robots\" content=\"index, follow, max-snippet:-1, max-image-preview:large, max-video-preview:-1\" \/>\n<link rel=\"canonical\" href=\"http:\/\/antide.net\/en\/les-textes-qui-accompagnent-les-oeuvres-une-ecriture-en-miroir-de-lart\/\" \/>\n<meta property=\"og:locale\" content=\"en_US\" \/>\n<meta property=\"og:type\" content=\"article\" \/>\n<meta property=\"og:title\" content=\"\u00c9criture po\u00e9tique et art contemporain : la qu\u00eate des sens - Antide\" \/>\n<meta property=\"og:description\" content=\"Plongez dans l&#039;\u00e9criture po\u00e9tique et art contemporain et d\u00e9couvrez comment les mots et les images s&#039;entrelacent dans la cr\u00e9ation.\" \/>\n<meta property=\"og:url\" content=\"http:\/\/antide.net\/en\/les-textes-qui-accompagnent-les-oeuvres-une-ecriture-en-miroir-de-lart\/\" \/>\n<meta property=\"og:site_name\" content=\"Antide\" \/>\n<meta property=\"article:published_time\" content=\"2025-09-14T09:22:57+00:00\" \/>\n<meta property=\"article:modified_time\" content=\"2025-10-01T13:27:26+00:00\" \/>\n<meta property=\"og:image\" content=\"https:\/\/i0.wp.com\/antide.net\/wp-content\/uploads\/2025\/09\/Point-de-rupture.png?fit=1897%2C1898\" \/>\n\t<meta property=\"og:image:width\" content=\"1897\" \/>\n\t<meta property=\"og:image:height\" content=\"1898\" \/>\n\t<meta property=\"og:image:type\" content=\"image\/png\" \/>\n<meta name=\"author\" content=\"Antide\" \/>\n<meta name=\"twitter:card\" content=\"summary_large_image\" \/>\n<meta name=\"twitter:label1\" content=\"Written by\" \/>\n\t<meta name=\"twitter:data1\" content=\"Antide\" \/>\n\t<meta name=\"twitter:label2\" content=\"Est. reading time\" \/>\n\t<meta name=\"twitter:data2\" content=\"3 minutes\" \/>\n<script type=\"application\/ld+json\" class=\"yoast-schema-graph\">{\"@context\":\"https:\\\/\\\/schema.org\",\"@graph\":[{\"@type\":\"Article\",\"@id\":\"http:\\\/\\\/antide.net\\\/les-textes-qui-accompagnent-les-oeuvres-une-ecriture-en-miroir-de-lart#article\",\"isPartOf\":{\"@id\":\"http:\\\/\\\/antide.net\\\/les-textes-qui-accompagnent-les-oeuvres-une-ecriture-en-miroir-de-lart\"},\"author\":{\"name\":\"Antide\",\"@id\":\"https:\\\/\\\/antide.net\\\/#\\\/schema\\\/person\\\/e136babbff9e45a0ba7a054e90f9bef6\"},\"headline\":\"Les textes qui accompagnent les \u0153uvres : une \u00e9criture en miroir de l\u2019art\",\"datePublished\":\"2025-09-14T09:22:57+00:00\",\"dateModified\":\"2025-10-01T13:27:26+00:00\",\"mainEntityOfPage\":{\"@id\":\"http:\\\/\\\/antide.net\\\/les-textes-qui-accompagnent-les-oeuvres-une-ecriture-en-miroir-de-lart\"},\"wordCount\":399,\"publisher\":{\"@id\":\"https:\\\/\\\/antide.net\\\/#\\\/schema\\\/person\\\/e136babbff9e45a0ba7a054e90f9bef6\"},\"image\":{\"@id\":\"http:\\\/\\\/antide.net\\\/les-textes-qui-accompagnent-les-oeuvres-une-ecriture-en-miroir-de-lart#primaryimage\"},\"thumbnailUrl\":\"https:\\\/\\\/i0.wp.com\\\/antide.net\\\/wp-content\\\/uploads\\\/2025\\\/09\\\/Point-de-rupture.png?fit=1897%2C1898\",\"keywords\":[\"art contemporain\",\"art et litt\u00e9rature\",\"\u00e9criture po\u00e9tique\",\"feuille d\u2019or\",\"po\u00e9sie et peinture\",\"texte et art\"],\"articleSection\":[\"\u00c9criture &amp; po\u00e9sie\"],\"inLanguage\":\"en-US\"},{\"@type\":\"WebPage\",\"@id\":\"http:\\\/\\\/antide.net\\\/les-textes-qui-accompagnent-les-oeuvres-une-ecriture-en-miroir-de-lart\",\"url\":\"http:\\\/\\\/antide.net\\\/les-textes-qui-accompagnent-les-oeuvres-une-ecriture-en-miroir-de-lart\",\"name\":\"\u00c9criture po\u00e9tique et art contemporain : la qu\u00eate des sens - Antide\",\"isPartOf\":{\"@id\":\"https:\\\/\\\/antide.net\\\/#website\"},\"primaryImageOfPage\":{\"@id\":\"http:\\\/\\\/antide.net\\\/les-textes-qui-accompagnent-les-oeuvres-une-ecriture-en-miroir-de-lart#primaryimage\"},\"image\":{\"@id\":\"http:\\\/\\\/antide.net\\\/les-textes-qui-accompagnent-les-oeuvres-une-ecriture-en-miroir-de-lart#primaryimage\"},\"thumbnailUrl\":\"https:\\\/\\\/i0.wp.com\\\/antide.net\\\/wp-content\\\/uploads\\\/2025\\\/09\\\/Point-de-rupture.png?fit=1897%2C1898\",\"datePublished\":\"2025-09-14T09:22:57+00:00\",\"dateModified\":\"2025-10-01T13:27:26+00:00\",\"description\":\"Plongez dans l'\u00e9criture po\u00e9tique et art contemporain et d\u00e9couvrez comment les mots et les images s'entrelacent dans la cr\u00e9ation.\",\"breadcrumb\":{\"@id\":\"http:\\\/\\\/antide.net\\\/les-textes-qui-accompagnent-les-oeuvres-une-ecriture-en-miroir-de-lart#breadcrumb\"},\"inLanguage\":\"en-US\",\"potentialAction\":[{\"@type\":\"ReadAction\",\"target\":[\"http:\\\/\\\/antide.net\\\/les-textes-qui-accompagnent-les-oeuvres-une-ecriture-en-miroir-de-lart\"]}]},{\"@type\":\"ImageObject\",\"inLanguage\":\"en-US\",\"@id\":\"http:\\\/\\\/antide.net\\\/les-textes-qui-accompagnent-les-oeuvres-une-ecriture-en-miroir-de-lart#primaryimage\",\"url\":\"https:\\\/\\\/i0.wp.com\\\/antide.net\\\/wp-content\\\/uploads\\\/2025\\\/09\\\/Point-de-rupture.png?fit=1897%2C1898\",\"contentUrl\":\"https:\\\/\\\/i0.wp.com\\\/antide.net\\\/wp-content\\\/uploads\\\/2025\\\/09\\\/Point-de-rupture.png?fit=1897%2C1898\",\"width\":1897,\"height\":1898},{\"@type\":\"BreadcrumbList\",\"@id\":\"http:\\\/\\\/antide.net\\\/les-textes-qui-accompagnent-les-oeuvres-une-ecriture-en-miroir-de-lart#breadcrumb\",\"itemListElement\":[{\"@type\":\"ListItem\",\"position\":1,\"name\":\"Accueil\",\"item\":\"https:\\\/\\\/antide.net\\\/\"},{\"@type\":\"ListItem\",\"position\":2,\"name\":\"Les textes qui accompagnent les \u0153uvres : une \u00e9criture en miroir de l\u2019art\"}]},{\"@type\":\"WebSite\",\"@id\":\"https:\\\/\\\/antide.net\\\/#website\",\"url\":\"https:\\\/\\\/antide.net\\\/\",\"name\":\"Antide\",\"description\":\"Artiste plasticien, Antide travaille la feuille d\u2019or sur bois, m\u00e9tal, pierre et toile pour capter l\u2019\u00e9clat m\u00e9diterran\u00e9en.\",\"publisher\":{\"@id\":\"https:\\\/\\\/antide.net\\\/#\\\/schema\\\/person\\\/e136babbff9e45a0ba7a054e90f9bef6\"},\"alternateName\":\"Artiste plasticien \u2013 Feuille d\u2019or et mat\u00e9riaux nobles\",\"potentialAction\":[{\"@type\":\"SearchAction\",\"target\":{\"@type\":\"EntryPoint\",\"urlTemplate\":\"https:\\\/\\\/antide.net\\\/?s={search_term_string}\"},\"query-input\":{\"@type\":\"PropertyValueSpecification\",\"valueRequired\":true,\"valueName\":\"search_term_string\"}}],\"inLanguage\":\"en-US\"},{\"@type\":[\"Person\",\"Organization\"],\"@id\":\"https:\\\/\\\/antide.net\\\/#\\\/schema\\\/person\\\/e136babbff9e45a0ba7a054e90f9bef6\",\"name\":\"Antide\",\"image\":{\"@type\":\"ImageObject\",\"inLanguage\":\"en-US\",\"@id\":\"https:\\\/\\\/i0.wp.com\\\/antide.net\\\/wp-content\\\/uploads\\\/2025\\\/01\\\/cropped-Antide.png?fit=2398%2C801\",\"url\":\"https:\\\/\\\/i0.wp.com\\\/antide.net\\\/wp-content\\\/uploads\\\/2025\\\/01\\\/cropped-Antide.png?fit=2398%2C801\",\"contentUrl\":\"https:\\\/\\\/i0.wp.com\\\/antide.net\\\/wp-content\\\/uploads\\\/2025\\\/01\\\/cropped-Antide.png?fit=2398%2C801\",\"width\":2398,\"height\":801,\"caption\":\"Antide\"},\"logo\":{\"@id\":\"https:\\\/\\\/i0.wp.com\\\/antide.net\\\/wp-content\\\/uploads\\\/2025\\\/01\\\/cropped-Antide.png?fit=2398%2C801\"},\"description\":\"Artiste plasticien, cr\u00e9ations uniques \u00e0 la feuille d'or sur bois, m\u00e9tal, pierre, et bois.\",\"sameAs\":[\"http:\\\/\\\/antide.net\",\"https:\\\/\\\/www.instagram.com\\\/antide_officiel\\\/\"],\"url\":\"http:\\\/\\\/antide.net\\\/en\\\/author\\\/antide_admin\"}]}<\/script>\n<!-- \/ Yoast SEO plugin. -->","yoast_head_json":{"title":"\u00c9criture po\u00e9tique et art contemporain : la qu\u00eate des sens - Antide","description":"Plongez dans l'\u00e9criture po\u00e9tique et art contemporain et d\u00e9couvrez comment les mots et les images s'entrelacent dans la cr\u00e9ation.","robots":{"index":"index","follow":"follow","max-snippet":"max-snippet:-1","max-image-preview":"max-image-preview:large","max-video-preview":"max-video-preview:-1"},"canonical":"http:\/\/antide.net\/en\/les-textes-qui-accompagnent-les-oeuvres-une-ecriture-en-miroir-de-lart\/","og_locale":"en_US","og_type":"article","og_title":"\u00c9criture po\u00e9tique et art contemporain : la qu\u00eate des sens - Antide","og_description":"Plongez dans l'\u00e9criture po\u00e9tique et art contemporain et d\u00e9couvrez comment les mots et les images s'entrelacent dans la cr\u00e9ation.","og_url":"http:\/\/antide.net\/en\/les-textes-qui-accompagnent-les-oeuvres-une-ecriture-en-miroir-de-lart\/","og_site_name":"Antide","article_published_time":"2025-09-14T09:22:57+00:00","article_modified_time":"2025-10-01T13:27:26+00:00","og_image":[{"width":1897,"height":1898,"url":"https:\/\/i0.wp.com\/antide.net\/wp-content\/uploads\/2025\/09\/Point-de-rupture.png?fit=1897%2C1898","type":"image\/png"}],"author":"Antide","twitter_card":"summary_large_image","twitter_misc":{"Written by":"Antide","Est. reading time":"3 minutes"},"schema":{"@context":"https:\/\/schema.org","@graph":[{"@type":"Article","@id":"http:\/\/antide.net\/les-textes-qui-accompagnent-les-oeuvres-une-ecriture-en-miroir-de-lart#article","isPartOf":{"@id":"http:\/\/antide.net\/les-textes-qui-accompagnent-les-oeuvres-une-ecriture-en-miroir-de-lart"},"author":{"name":"Antide","@id":"https:\/\/antide.net\/#\/schema\/person\/e136babbff9e45a0ba7a054e90f9bef6"},"headline":"Les textes qui accompagnent les \u0153uvres : une \u00e9criture en miroir de l\u2019art","datePublished":"2025-09-14T09:22:57+00:00","dateModified":"2025-10-01T13:27:26+00:00","mainEntityOfPage":{"@id":"http:\/\/antide.net\/les-textes-qui-accompagnent-les-oeuvres-une-ecriture-en-miroir-de-lart"},"wordCount":399,"publisher":{"@id":"https:\/\/antide.net\/#\/schema\/person\/e136babbff9e45a0ba7a054e90f9bef6"},"image":{"@id":"http:\/\/antide.net\/les-textes-qui-accompagnent-les-oeuvres-une-ecriture-en-miroir-de-lart#primaryimage"},"thumbnailUrl":"https:\/\/i0.wp.com\/antide.net\/wp-content\/uploads\/2025\/09\/Point-de-rupture.png?fit=1897%2C1898","keywords":["art contemporain","art et litt\u00e9rature","\u00e9criture po\u00e9tique","feuille d\u2019or","po\u00e9sie et peinture","texte et art"],"articleSection":["\u00c9criture &amp; po\u00e9sie"],"inLanguage":"en-US"},{"@type":"WebPage","@id":"http:\/\/antide.net\/les-textes-qui-accompagnent-les-oeuvres-une-ecriture-en-miroir-de-lart","url":"http:\/\/antide.net\/les-textes-qui-accompagnent-les-oeuvres-une-ecriture-en-miroir-de-lart","name":"\u00c9criture po\u00e9tique et art contemporain : la qu\u00eate des sens - Antide","isPartOf":{"@id":"https:\/\/antide.net\/#website"},"primaryImageOfPage":{"@id":"http:\/\/antide.net\/les-textes-qui-accompagnent-les-oeuvres-une-ecriture-en-miroir-de-lart#primaryimage"},"image":{"@id":"http:\/\/antide.net\/les-textes-qui-accompagnent-les-oeuvres-une-ecriture-en-miroir-de-lart#primaryimage"},"thumbnailUrl":"https:\/\/i0.wp.com\/antide.net\/wp-content\/uploads\/2025\/09\/Point-de-rupture.png?fit=1897%2C1898","datePublished":"2025-09-14T09:22:57+00:00","dateModified":"2025-10-01T13:27:26+00:00","description":"Plongez dans l'\u00e9criture po\u00e9tique et art contemporain et d\u00e9couvrez comment les mots et les images s'entrelacent dans la cr\u00e9ation.","breadcrumb":{"@id":"http:\/\/antide.net\/les-textes-qui-accompagnent-les-oeuvres-une-ecriture-en-miroir-de-lart#breadcrumb"},"inLanguage":"en-US","potentialAction":[{"@type":"ReadAction","target":["http:\/\/antide.net\/les-textes-qui-accompagnent-les-oeuvres-une-ecriture-en-miroir-de-lart"]}]},{"@type":"ImageObject","inLanguage":"en-US","@id":"http:\/\/antide.net\/les-textes-qui-accompagnent-les-oeuvres-une-ecriture-en-miroir-de-lart#primaryimage","url":"https:\/\/i0.wp.com\/antide.net\/wp-content\/uploads\/2025\/09\/Point-de-rupture.png?fit=1897%2C1898","contentUrl":"https:\/\/i0.wp.com\/antide.net\/wp-content\/uploads\/2025\/09\/Point-de-rupture.png?fit=1897%2C1898","width":1897,"height":1898},{"@type":"BreadcrumbList","@id":"http:\/\/antide.net\/les-textes-qui-accompagnent-les-oeuvres-une-ecriture-en-miroir-de-lart#breadcrumb","itemListElement":[{"@type":"ListItem","position":1,"name":"Accueil","item":"https:\/\/antide.net\/"},{"@type":"ListItem","position":2,"name":"Les textes qui accompagnent les \u0153uvres : une \u00e9criture en miroir de l\u2019art"}]},{"@type":"WebSite","@id":"https:\/\/antide.net\/#website","url":"https:\/\/antide.net\/","name":"Antide","description":"Artiste plasticien, Antide travaille la feuille d\u2019or sur bois, m\u00e9tal, pierre et toile pour capter l\u2019\u00e9clat m\u00e9diterran\u00e9en.","publisher":{"@id":"https:\/\/antide.net\/#\/schema\/person\/e136babbff9e45a0ba7a054e90f9bef6"},"alternateName":"Artiste plasticien \u2013 Feuille d\u2019or et mat\u00e9riaux nobles","potentialAction":[{"@type":"SearchAction","target":{"@type":"EntryPoint","urlTemplate":"https:\/\/antide.net\/?s={search_term_string}"},"query-input":{"@type":"PropertyValueSpecification","valueRequired":true,"valueName":"search_term_string"}}],"inLanguage":"en-US"},{"@type":["Person","Organization"],"@id":"https:\/\/antide.net\/#\/schema\/person\/e136babbff9e45a0ba7a054e90f9bef6","name":"Antide","image":{"@type":"ImageObject","inLanguage":"en-US","@id":"https:\/\/i0.wp.com\/antide.net\/wp-content\/uploads\/2025\/01\/cropped-Antide.png?fit=2398%2C801","url":"https:\/\/i0.wp.com\/antide.net\/wp-content\/uploads\/2025\/01\/cropped-Antide.png?fit=2398%2C801","contentUrl":"https:\/\/i0.wp.com\/antide.net\/wp-content\/uploads\/2025\/01\/cropped-Antide.png?fit=2398%2C801","width":2398,"height":801,"caption":"Antide"},"logo":{"@id":"https:\/\/i0.wp.com\/antide.net\/wp-content\/uploads\/2025\/01\/cropped-Antide.png?fit=2398%2C801"},"description":"Artiste plasticien, cr\u00e9ations uniques \u00e0 la feuille d'or sur bois, m\u00e9tal, pierre, et bois.","sameAs":["http:\/\/antide.net","https:\/\/www.instagram.com\/antide_officiel\/"],"url":"http:\/\/antide.net\/en\/author\/antide_admin"}]}},"jetpack_publicize_connections":[],"jetpack_featured_media_url":"https:\/\/i0.wp.com\/antide.net\/wp-content\/uploads\/2025\/09\/Point-de-rupture.png?fit=1897%2C1898","jetpack_sharing_enabled":true,"_links":{"self":[{"href":"http:\/\/antide.net\/en\/wp-json\/wp\/v2\/posts\/2042","targetHints":{"allow":["GET"]}}],"collection":[{"href":"http:\/\/antide.net\/en\/wp-json\/wp\/v2\/posts"}],"about":[{"href":"http:\/\/antide.net\/en\/wp-json\/wp\/v2\/types\/post"}],"author":[{"embeddable":true,"href":"http:\/\/antide.net\/en\/wp-json\/wp\/v2\/users\/1"}],"replies":[{"embeddable":true,"href":"http:\/\/antide.net\/en\/wp-json\/wp\/v2\/comments?post=2042"}],"version-history":[{"count":7,"href":"http:\/\/antide.net\/en\/wp-json\/wp\/v2\/posts\/2042\/revisions"}],"predecessor-version":[{"id":2059,"href":"http:\/\/antide.net\/en\/wp-json\/wp\/v2\/posts\/2042\/revisions\/2059"}],"wp:featuredmedia":[{"embeddable":true,"href":"http:\/\/antide.net\/en\/wp-json\/wp\/v2\/media\/1935"}],"wp:attachment":[{"href":"http:\/\/antide.net\/en\/wp-json\/wp\/v2\/media?parent=2042"}],"wp:term":[{"taxonomy":"category","embeddable":true,"href":"http:\/\/antide.net\/en\/wp-json\/wp\/v2\/categories?post=2042"},{"taxonomy":"post_tag","embeddable":true,"href":"http:\/\/antide.net\/en\/wp-json\/wp\/v2\/tags?post=2042"}],"curies":[{"name":"wp","href":"https:\/\/api.w.org\/{rel}","templated":true}]}}