{"id":2013,"date":"2025-08-31T07:40:49","date_gmt":"2025-08-31T07:40:49","guid":{"rendered":"https:\/\/antide.net\/?p=2013"},"modified":"2025-09-30T08:39:57","modified_gmt":"2025-09-30T08:39:57","slug":"lumiere-mediterranee-inspiration","status":"publish","type":"post","link":"http:\/\/antide.net\/en\/lumiere-mediterranee-inspiration","title":{"rendered":"Art and Mediterranean Light: An Endless Inspiration"},"content":{"rendered":"<div data-elementor-type=\"wp-post\" data-elementor-id=\"2013\" class=\"elementor elementor-2013\">\n\t\t\t\t<div class=\"elementor-element elementor-element-bdb2f30 e-flex e-con-boxed e-con e-parent\" data-id=\"bdb2f30\" data-element_type=\"container\" data-e-type=\"container\">\n\t\t\t\t\t<div class=\"e-con-inner\">\n\t\t\t\t<div class=\"elementor-element elementor-element-4dbebde elementor-widget elementor-widget-text-editor\" data-id=\"4dbebde\" data-element_type=\"widget\" data-e-type=\"widget\" data-widget_type=\"text-editor.default\">\n\t\t\t\t<div class=\"elementor-widget-container\">\n\t\t\t\t\t\t\t\t\t<h3>For centuries, the Mediterranean has fascinated artists. Its unique, shifting light has inspired painters, sculptors, and photographers across generations. Today, it remains a living source of creativity, and Antide makes it one of the central elements of his work.<\/h3>\t\t\t\t\t\t\t\t<\/div>\n\t\t\t\t<\/div>\n\t\t\t\t\t<\/div>\n\t\t\t\t<\/div>\n\t\t<div class=\"elementor-element elementor-element-9b15df4 e-flex e-con-boxed e-con e-parent\" data-id=\"9b15df4\" data-element_type=\"container\" data-e-type=\"container\">\n\t\t\t\t\t<div class=\"e-con-inner\">\n\t\t\t\t<div class=\"elementor-element elementor-element-935536a elementor-widget elementor-widget-text-editor\" data-id=\"935536a\" data-element_type=\"widget\" data-e-type=\"widget\" data-widget_type=\"text-editor.default\">\n\t\t\t\t<div class=\"elementor-widget-container\">\n\t\t\t\t\t\t\t\t\t<p data-start=\"640\" data-end=\"1005\">Mediterranean light is never still. It shimmers on the waves, dances on the whitewashed walls of villages, highlights the ochre hills, and caresses the maritime pines. It belongs to no one, yet everyone carries it as a memory\u2014like a fragment of a journey or a suspended moment.<\/p>\t\t\t\t\t\t\t\t<\/div>\n\t\t\t\t<\/div>\n\t\t\t\t\t<\/div>\n\t\t\t\t<\/div>\n\t\t<div class=\"elementor-element elementor-element-f0f1ab6 e-flex e-con-boxed e-con e-parent\" data-id=\"f0f1ab6\" data-element_type=\"container\" data-e-type=\"container\">\n\t\t\t\t\t<div class=\"e-con-inner\">\n\t\t<div class=\"elementor-element elementor-element-43b6702 e-con-full e-flex e-con e-child\" data-id=\"43b6702\" data-element_type=\"container\" data-e-type=\"container\">\n\t\t\t\t<div class=\"elementor-element elementor-element-77ba36a elementor-widget__width-initial elementor-widget elementor-widget-image\" data-id=\"77ba36a\" data-element_type=\"widget\" data-e-type=\"widget\" data-widget_type=\"image.default\">\n\t\t\t\t<div class=\"elementor-widget-container\">\n\t\t\t\t\t\t\t\t\t\t\t\t\t\t\t<img fetchpriority=\"high\" decoding=\"async\" width=\"450\" height=\"300\" src=\"https:\/\/i0.wp.com\/antide.net\/wp-content\/uploads\/2025\/08\/Coucher-de-soleil-sur-la-mer.jpg?fit=450%2C300\" class=\"attachment-large size-large wp-image-2028\" alt=\"\" srcset=\"https:\/\/i0.wp.com\/antide.net\/wp-content\/uploads\/2025\/08\/Coucher-de-soleil-sur-la-mer.jpg?w=450 450w, https:\/\/i0.wp.com\/antide.net\/wp-content\/uploads\/2025\/08\/Coucher-de-soleil-sur-la-mer.jpg?resize=18%2C12 18w, https:\/\/i0.wp.com\/antide.net\/wp-content\/uploads\/2025\/08\/Coucher-de-soleil-sur-la-mer.jpg?resize=230%2C153 230w, https:\/\/i0.wp.com\/antide.net\/wp-content\/uploads\/2025\/08\/Coucher-de-soleil-sur-la-mer.jpg?resize=350%2C233 350w\" sizes=\"(max-width: 450px) 100vw, 450px\" \/>\t\t\t\t\t\t\t\t\t\t\t\t\t\t\t<\/div>\n\t\t\t\t<\/div>\n\t\t\t\t<\/div>\n\t\t\t\t\t<\/div>\n\t\t\t\t<\/div>\n\t\t<div class=\"elementor-element elementor-element-2836dec e-flex e-con-boxed e-con e-parent\" data-id=\"2836dec\" data-element_type=\"container\" data-e-type=\"container\">\n\t\t\t\t\t<div class=\"e-con-inner\">\n\t\t\t\t<div class=\"elementor-element elementor-element-76c6776 elementor-widget elementor-widget-text-editor\" data-id=\"76c6776\" data-element_type=\"widget\" data-e-type=\"widget\" data-widget_type=\"text-editor.default\">\n\t\t\t\t<div class=\"elementor-widget-container\">\n\t\t\t\t\t\t\t\t\t<p data-start=\"1007\" data-end=\"1374\">In his studio in Saint-Paul-de-Vence, Antide reconnects with this solar energy. The gold leaf he uses acts as a mirror of this light. Applied to wood, stone, metal, or canvas, it amplifies reflections and creates a timeless vibration. His artworks become captured Mediterranean flashes that transcend time and space.<\/p>\t\t\t\t\t\t\t\t<\/div>\n\t\t\t\t<\/div>\n\t\t\t\t\t<\/div>\n\t\t\t\t<\/div>\n\t\t<div class=\"elementor-element elementor-element-ecdba42 e-flex e-con-boxed e-con e-parent\" data-id=\"ecdba42\" data-element_type=\"container\" data-e-type=\"container\">\n\t\t\t\t\t<div class=\"e-con-inner\">\n\t\t\t\t<div class=\"elementor-element elementor-element-4134c68 elementor-widget elementor-widget-image\" data-id=\"4134c68\" data-element_type=\"widget\" data-e-type=\"widget\" data-widget_type=\"image.default\">\n\t\t\t\t<div class=\"elementor-widget-container\">\n\t\t\t\t\t\t\t\t\t\t\t\t\t\t\t<img decoding=\"async\" width=\"1024\" height=\"768\" src=\"https:\/\/i0.wp.com\/antide.net\/wp-content\/uploads\/2025\/02\/Atelier-Antide-3.jpg?fit=1024%2C768\" class=\"attachment-large size-large wp-image-1614\" alt=\"\" srcset=\"https:\/\/i0.wp.com\/antide.net\/wp-content\/uploads\/2025\/02\/Atelier-Antide-3.jpg?w=1600 1600w, https:\/\/i0.wp.com\/antide.net\/wp-content\/uploads\/2025\/02\/Atelier-Antide-3.jpg?resize=500%2C375 500w, https:\/\/i0.wp.com\/antide.net\/wp-content\/uploads\/2025\/02\/Atelier-Antide-3.jpg?resize=1024%2C768 1024w, https:\/\/i0.wp.com\/antide.net\/wp-content\/uploads\/2025\/02\/Atelier-Antide-3.jpg?resize=768%2C576 768w, https:\/\/i0.wp.com\/antide.net\/wp-content\/uploads\/2025\/02\/Atelier-Antide-3.jpg?resize=1536%2C1152 1536w, https:\/\/i0.wp.com\/antide.net\/wp-content\/uploads\/2025\/02\/Atelier-Antide-3.jpg?resize=1000%2C750 1000w, https:\/\/i0.wp.com\/antide.net\/wp-content\/uploads\/2025\/02\/Atelier-Antide-3.jpg?resize=230%2C173 230w, https:\/\/i0.wp.com\/antide.net\/wp-content\/uploads\/2025\/02\/Atelier-Antide-3.jpg?resize=350%2C263 350w, https:\/\/i0.wp.com\/antide.net\/wp-content\/uploads\/2025\/02\/Atelier-Antide-3.jpg?resize=480%2C360 480w\" sizes=\"(max-width: 1024px) 100vw, 1024px\" \/>\t\t\t\t\t\t\t\t\t\t\t\t\t\t\t<\/div>\n\t\t\t\t<\/div>\n\t\t\t\t\t<\/div>\n\t\t\t\t<\/div>\n\t\t<div class=\"elementor-element elementor-element-355f6a0 e-flex e-con-boxed e-con e-parent\" data-id=\"355f6a0\" data-element_type=\"container\" data-e-type=\"container\">\n\t\t\t\t\t<div class=\"e-con-inner\">\n\t\t\t\t<div class=\"elementor-element elementor-element-20bc497 elementor-widget elementor-widget-text-editor\" data-id=\"20bc497\" data-element_type=\"widget\" data-e-type=\"widget\" data-widget_type=\"text-editor.default\">\n\t\t\t\t<div class=\"elementor-widget-container\">\n\t\t\t\t\t\t\t\t\t<p data-start=\"1376\" data-end=\"1567\" class=\"translation-block\">More than just inspiration, the Mediterranean embodies in his work a search for eternity: gold reveals permanence within the ephemeral, beauty within the passing hours.<\/p>\t\t\t\t\t\t\t\t<\/div>\n\t\t\t\t<\/div>\n\t\t\t\t\t<\/div>\n\t\t\t\t<\/div>\n\t\t<div class=\"elementor-element elementor-element-dfe3bc5 e-flex e-con-boxed e-con e-parent\" data-id=\"dfe3bc5\" data-element_type=\"container\" data-e-type=\"container\">\n\t\t\t\t\t<div class=\"e-con-inner\">\n\t\t\t\t<div class=\"elementor-element elementor-element-0e0089b elementor-widget elementor-widget-text-editor\" data-id=\"0e0089b\" data-element_type=\"widget\" data-e-type=\"widget\" data-widget_type=\"text-editor.default\">\n\t\t\t\t<div class=\"elementor-widget-container\">\n\t\t\t\t\t\t\t\t\t<h4>Antide\u2019s art continues this Mediterranean tradition while giving it a contemporary voice. His creations remind us that this light is more than a landscape\u2014it is heritage, emotion, and a universal language.<\/h4>\t\t\t\t\t\t\t\t<\/div>\n\t\t\t\t<\/div>\n\t\t\t\t\t<\/div>\n\t\t\t\t<\/div>\n\t\t\t\t<\/div>","protected":false},"excerpt":{"rendered":"<p>Depuis toujours, la M\u00e9diterran\u00e9e fascine les artistes. Sa lumi\u00e8re unique, changeante et vibrante, a nourri des g\u00e9n\u00e9rations de peintres, sculpteurs et photographes. [&hellip;]<\/p>\n","protected":false},"author":1,"featured_media":1907,"comment_status":"closed","ping_status":"closed","sticky":false,"template":"","format":"standard","meta":{"_jetpack_memberships_contains_paid_content":false,"footnotes":"","jetpack_publicize_message":"","jetpack_publicize_feature_enabled":true,"jetpack_social_post_already_shared":true,"jetpack_social_options":{"image_generator_settings":{"template":"highway","default_image_id":0,"font":"","enabled":false},"version":2}},"categories":[18],"tags":[14,6,16,13,17,15],"class_list":["post-2013","post","type-post","status-publish","format-standard","has-post-thumbnail","hentry","category-lumiere-et-nature","tag-art-mediterraneen","tag-feuille-dor","tag-inspiration-artistique","tag-lumiere-mediterraneenne","tag-paysages-du-sud","tag-saint-paul-de-vence"],"yoast_head":"<!-- This site is optimized with the Yoast SEO plugin v27.5 - https:\/\/yoast.com\/product\/yoast-seo-wordpress\/ -->\n<title>L\u2019art et la lumi\u00e8re m\u00e9diterran\u00e9enne : une inspiration sans fin - Antide<\/title>\n<meta name=\"description\" content=\"La lumi\u00e8re m\u00e9diterran\u00e9enne inspire Antide. D\u00e9couvrez comment ses \u0153uvres \u00e0 la feuille d\u2019or capturent reflets, couleurs et l\u2019\u00e2me du Sud.\" \/>\n<meta name=\"robots\" content=\"index, follow, max-snippet:-1, max-image-preview:large, max-video-preview:-1\" \/>\n<link rel=\"canonical\" href=\"http:\/\/antide.net\/en\/lumiere-mediterranee-inspiration\" \/>\n<meta property=\"og:locale\" content=\"en_US\" \/>\n<meta property=\"og:type\" content=\"article\" \/>\n<meta property=\"og:title\" content=\"Lumi\u00e8re m\u00e9diterran\u00e9enne art et beaut\u00e9 \u00e9ph\u00e9m\u00e8re\" \/>\n<meta property=\"og:description\" content=\"D\u00e9couvrez la lumi\u00e8re m\u00e9diterran\u00e9enne \u00e0 travers l&#039;art. \u00c9clats dor\u00e9s et inspirations intemporelles vous attendent.\" \/>\n<meta property=\"og:url\" content=\"http:\/\/antide.net\/en\/lumiere-mediterranee-inspiration\" \/>\n<meta property=\"og:site_name\" content=\"Antide\" \/>\n<meta property=\"article:published_time\" content=\"2025-08-31T07:40:49+00:00\" \/>\n<meta property=\"article:modified_time\" content=\"2025-09-30T08:39:57+00:00\" \/>\n<meta property=\"og:image\" content=\"https:\/\/i0.wp.com\/antide.net\/wp-content\/uploads\/2025\/06\/Antide-Sincerite-du-Soleil-1.png?fit=561%2C575\" \/>\n\t<meta property=\"og:image:width\" content=\"561\" \/>\n\t<meta property=\"og:image:height\" content=\"575\" \/>\n\t<meta property=\"og:image:type\" content=\"image\/png\" \/>\n<meta name=\"author\" content=\"Antide\" \/>\n<meta name=\"twitter:card\" content=\"summary_large_image\" \/>\n<meta name=\"twitter:label1\" content=\"Written by\" \/>\n\t<meta name=\"twitter:data1\" content=\"Antide\" \/>\n\t<meta name=\"twitter:label2\" content=\"Est. reading time\" \/>\n\t<meta name=\"twitter:data2\" content=\"2 minutes\" \/>\n<script type=\"application\/ld+json\" class=\"yoast-schema-graph\">{\"@context\":\"https:\\\/\\\/schema.org\",\"@graph\":[{\"@type\":\"Article\",\"@id\":\"http:\\\/\\\/antide.net\\\/en\\\/lumiere-mediterranee-inspiration#article\",\"isPartOf\":{\"@id\":\"http:\\\/\\\/antide.net\\\/en\\\/lumiere-mediterranee-inspiration\"},\"author\":{\"name\":\"Antide\",\"@id\":\"https:\\\/\\\/antide.net\\\/#\\\/schema\\\/person\\\/e136babbff9e45a0ba7a054e90f9bef6\"},\"headline\":\"L\u2019art et la lumi\u00e8re m\u00e9diterran\u00e9enne : une inspiration sans fin\",\"datePublished\":\"2025-08-31T07:40:49+00:00\",\"dateModified\":\"2025-09-30T08:39:57+00:00\",\"mainEntityOfPage\":{\"@id\":\"http:\\\/\\\/antide.net\\\/en\\\/lumiere-mediterranee-inspiration\"},\"wordCount\":275,\"publisher\":{\"@id\":\"https:\\\/\\\/antide.net\\\/#\\\/schema\\\/person\\\/e136babbff9e45a0ba7a054e90f9bef6\"},\"image\":{\"@id\":\"http:\\\/\\\/antide.net\\\/en\\\/lumiere-mediterranee-inspiration#primaryimage\"},\"thumbnailUrl\":\"https:\\\/\\\/i0.wp.com\\\/antide.net\\\/wp-content\\\/uploads\\\/2025\\\/06\\\/Antide-Sincerite-du-Soleil-1.png?fit=561%2C575\",\"keywords\":[\"art m\u00e9diterran\u00e9en\",\"feuille d\u2019or\",\"inspiration artistique\",\"lumi\u00e8re m\u00e9diterran\u00e9enne\",\"paysages du sud\",\"Saint-Paul-de-Vence\"],\"articleSection\":[\"Lumi\u00e8re et nature\"],\"inLanguage\":\"en-US\"},{\"@type\":\"WebPage\",\"@id\":\"http:\\\/\\\/antide.net\\\/en\\\/lumiere-mediterranee-inspiration\",\"url\":\"http:\\\/\\\/antide.net\\\/en\\\/lumiere-mediterranee-inspiration\",\"name\":\"L\u2019art et la lumi\u00e8re m\u00e9diterran\u00e9enne : une inspiration sans fin - Antide\",\"isPartOf\":{\"@id\":\"https:\\\/\\\/antide.net\\\/#website\"},\"primaryImageOfPage\":{\"@id\":\"http:\\\/\\\/antide.net\\\/en\\\/lumiere-mediterranee-inspiration#primaryimage\"},\"image\":{\"@id\":\"http:\\\/\\\/antide.net\\\/en\\\/lumiere-mediterranee-inspiration#primaryimage\"},\"thumbnailUrl\":\"https:\\\/\\\/i0.wp.com\\\/antide.net\\\/wp-content\\\/uploads\\\/2025\\\/06\\\/Antide-Sincerite-du-Soleil-1.png?fit=561%2C575\",\"datePublished\":\"2025-08-31T07:40:49+00:00\",\"dateModified\":\"2025-09-30T08:39:57+00:00\",\"description\":\"La lumi\u00e8re m\u00e9diterran\u00e9enne inspire Antide. D\u00e9couvrez comment ses \u0153uvres \u00e0 la feuille d\u2019or capturent reflets, couleurs et l\u2019\u00e2me du Sud.\",\"breadcrumb\":{\"@id\":\"http:\\\/\\\/antide.net\\\/en\\\/lumiere-mediterranee-inspiration#breadcrumb\"},\"inLanguage\":\"en-US\",\"potentialAction\":[{\"@type\":\"ReadAction\",\"target\":[\"http:\\\/\\\/antide.net\\\/en\\\/lumiere-mediterranee-inspiration\"]}]},{\"@type\":\"ImageObject\",\"inLanguage\":\"en-US\",\"@id\":\"http:\\\/\\\/antide.net\\\/en\\\/lumiere-mediterranee-inspiration#primaryimage\",\"url\":\"https:\\\/\\\/i0.wp.com\\\/antide.net\\\/wp-content\\\/uploads\\\/2025\\\/06\\\/Antide-Sincerite-du-Soleil-1.png?fit=561%2C575\",\"contentUrl\":\"https:\\\/\\\/i0.wp.com\\\/antide.net\\\/wp-content\\\/uploads\\\/2025\\\/06\\\/Antide-Sincerite-du-Soleil-1.png?fit=561%2C575\",\"width\":561,\"height\":575},{\"@type\":\"BreadcrumbList\",\"@id\":\"http:\\\/\\\/antide.net\\\/en\\\/lumiere-mediterranee-inspiration#breadcrumb\",\"itemListElement\":[{\"@type\":\"ListItem\",\"position\":1,\"name\":\"Accueil\",\"item\":\"https:\\\/\\\/antide.net\\\/\"},{\"@type\":\"ListItem\",\"position\":2,\"name\":\"L\u2019art et la lumi\u00e8re m\u00e9diterran\u00e9enne : une inspiration sans fin\"}]},{\"@type\":\"WebSite\",\"@id\":\"https:\\\/\\\/antide.net\\\/#website\",\"url\":\"https:\\\/\\\/antide.net\\\/\",\"name\":\"Antide\",\"description\":\"Artiste plasticien, Antide travaille la feuille d\u2019or sur bois, m\u00e9tal, pierre et toile pour capter l\u2019\u00e9clat m\u00e9diterran\u00e9en.\",\"publisher\":{\"@id\":\"https:\\\/\\\/antide.net\\\/#\\\/schema\\\/person\\\/e136babbff9e45a0ba7a054e90f9bef6\"},\"alternateName\":\"Artiste plasticien \u2013 Feuille d\u2019or et mat\u00e9riaux nobles\",\"potentialAction\":[{\"@type\":\"SearchAction\",\"target\":{\"@type\":\"EntryPoint\",\"urlTemplate\":\"https:\\\/\\\/antide.net\\\/?s={search_term_string}\"},\"query-input\":{\"@type\":\"PropertyValueSpecification\",\"valueRequired\":true,\"valueName\":\"search_term_string\"}}],\"inLanguage\":\"en-US\"},{\"@type\":[\"Person\",\"Organization\"],\"@id\":\"https:\\\/\\\/antide.net\\\/#\\\/schema\\\/person\\\/e136babbff9e45a0ba7a054e90f9bef6\",\"name\":\"Antide\",\"image\":{\"@type\":\"ImageObject\",\"inLanguage\":\"en-US\",\"@id\":\"https:\\\/\\\/i0.wp.com\\\/antide.net\\\/wp-content\\\/uploads\\\/2025\\\/01\\\/cropped-Antide.png?fit=2398%2C801\",\"url\":\"https:\\\/\\\/i0.wp.com\\\/antide.net\\\/wp-content\\\/uploads\\\/2025\\\/01\\\/cropped-Antide.png?fit=2398%2C801\",\"contentUrl\":\"https:\\\/\\\/i0.wp.com\\\/antide.net\\\/wp-content\\\/uploads\\\/2025\\\/01\\\/cropped-Antide.png?fit=2398%2C801\",\"width\":2398,\"height\":801,\"caption\":\"Antide\"},\"logo\":{\"@id\":\"https:\\\/\\\/i0.wp.com\\\/antide.net\\\/wp-content\\\/uploads\\\/2025\\\/01\\\/cropped-Antide.png?fit=2398%2C801\"},\"description\":\"Artiste plasticien, cr\u00e9ations uniques \u00e0 la feuille d'or sur bois, m\u00e9tal, pierre, et bois.\",\"sameAs\":[\"http:\\\/\\\/antide.net\",\"https:\\\/\\\/www.instagram.com\\\/antide_officiel\\\/\"],\"url\":\"http:\\\/\\\/antide.net\\\/en\\\/author\\\/antide_admin\"}]}<\/script>\n<!-- \/ Yoast SEO plugin. -->","yoast_head_json":{"title":"L\u2019art et la lumi\u00e8re m\u00e9diterran\u00e9enne : une inspiration sans fin - Antide","description":"La lumi\u00e8re m\u00e9diterran\u00e9enne inspire Antide. D\u00e9couvrez comment ses \u0153uvres \u00e0 la feuille d\u2019or capturent reflets, couleurs et l\u2019\u00e2me du Sud.","robots":{"index":"index","follow":"follow","max-snippet":"max-snippet:-1","max-image-preview":"max-image-preview:large","max-video-preview":"max-video-preview:-1"},"canonical":"http:\/\/antide.net\/en\/lumiere-mediterranee-inspiration","og_locale":"en_US","og_type":"article","og_title":"Lumi\u00e8re m\u00e9diterran\u00e9enne art et beaut\u00e9 \u00e9ph\u00e9m\u00e8re","og_description":"D\u00e9couvrez la lumi\u00e8re m\u00e9diterran\u00e9enne \u00e0 travers l'art. \u00c9clats dor\u00e9s et inspirations intemporelles vous attendent.","og_url":"http:\/\/antide.net\/en\/lumiere-mediterranee-inspiration","og_site_name":"Antide","article_published_time":"2025-08-31T07:40:49+00:00","article_modified_time":"2025-09-30T08:39:57+00:00","og_image":[{"width":561,"height":575,"url":"https:\/\/i0.wp.com\/antide.net\/wp-content\/uploads\/2025\/06\/Antide-Sincerite-du-Soleil-1.png?fit=561%2C575","type":"image\/png"}],"author":"Antide","twitter_card":"summary_large_image","twitter_misc":{"Written by":"Antide","Est. reading time":"2 minutes"},"schema":{"@context":"https:\/\/schema.org","@graph":[{"@type":"Article","@id":"http:\/\/antide.net\/en\/lumiere-mediterranee-inspiration#article","isPartOf":{"@id":"http:\/\/antide.net\/en\/lumiere-mediterranee-inspiration"},"author":{"name":"Antide","@id":"https:\/\/antide.net\/#\/schema\/person\/e136babbff9e45a0ba7a054e90f9bef6"},"headline":"L\u2019art et la lumi\u00e8re m\u00e9diterran\u00e9enne : une inspiration sans fin","datePublished":"2025-08-31T07:40:49+00:00","dateModified":"2025-09-30T08:39:57+00:00","mainEntityOfPage":{"@id":"http:\/\/antide.net\/en\/lumiere-mediterranee-inspiration"},"wordCount":275,"publisher":{"@id":"https:\/\/antide.net\/#\/schema\/person\/e136babbff9e45a0ba7a054e90f9bef6"},"image":{"@id":"http:\/\/antide.net\/en\/lumiere-mediterranee-inspiration#primaryimage"},"thumbnailUrl":"https:\/\/i0.wp.com\/antide.net\/wp-content\/uploads\/2025\/06\/Antide-Sincerite-du-Soleil-1.png?fit=561%2C575","keywords":["art m\u00e9diterran\u00e9en","feuille d\u2019or","inspiration artistique","lumi\u00e8re m\u00e9diterran\u00e9enne","paysages du sud","Saint-Paul-de-Vence"],"articleSection":["Lumi\u00e8re et nature"],"inLanguage":"en-US"},{"@type":"WebPage","@id":"http:\/\/antide.net\/en\/lumiere-mediterranee-inspiration","url":"http:\/\/antide.net\/en\/lumiere-mediterranee-inspiration","name":"L\u2019art et la lumi\u00e8re m\u00e9diterran\u00e9enne : une inspiration sans fin - Antide","isPartOf":{"@id":"https:\/\/antide.net\/#website"},"primaryImageOfPage":{"@id":"http:\/\/antide.net\/en\/lumiere-mediterranee-inspiration#primaryimage"},"image":{"@id":"http:\/\/antide.net\/en\/lumiere-mediterranee-inspiration#primaryimage"},"thumbnailUrl":"https:\/\/i0.wp.com\/antide.net\/wp-content\/uploads\/2025\/06\/Antide-Sincerite-du-Soleil-1.png?fit=561%2C575","datePublished":"2025-08-31T07:40:49+00:00","dateModified":"2025-09-30T08:39:57+00:00","description":"La lumi\u00e8re m\u00e9diterran\u00e9enne inspire Antide. D\u00e9couvrez comment ses \u0153uvres \u00e0 la feuille d\u2019or capturent reflets, couleurs et l\u2019\u00e2me du Sud.","breadcrumb":{"@id":"http:\/\/antide.net\/en\/lumiere-mediterranee-inspiration#breadcrumb"},"inLanguage":"en-US","potentialAction":[{"@type":"ReadAction","target":["http:\/\/antide.net\/en\/lumiere-mediterranee-inspiration"]}]},{"@type":"ImageObject","inLanguage":"en-US","@id":"http:\/\/antide.net\/en\/lumiere-mediterranee-inspiration#primaryimage","url":"https:\/\/i0.wp.com\/antide.net\/wp-content\/uploads\/2025\/06\/Antide-Sincerite-du-Soleil-1.png?fit=561%2C575","contentUrl":"https:\/\/i0.wp.com\/antide.net\/wp-content\/uploads\/2025\/06\/Antide-Sincerite-du-Soleil-1.png?fit=561%2C575","width":561,"height":575},{"@type":"BreadcrumbList","@id":"http:\/\/antide.net\/en\/lumiere-mediterranee-inspiration#breadcrumb","itemListElement":[{"@type":"ListItem","position":1,"name":"Accueil","item":"https:\/\/antide.net\/"},{"@type":"ListItem","position":2,"name":"L\u2019art et la lumi\u00e8re m\u00e9diterran\u00e9enne : une inspiration sans fin"}]},{"@type":"WebSite","@id":"https:\/\/antide.net\/#website","url":"https:\/\/antide.net\/","name":"Antide","description":"Artiste plasticien, Antide travaille la feuille d\u2019or sur bois, m\u00e9tal, pierre et toile pour capter l\u2019\u00e9clat m\u00e9diterran\u00e9en.","publisher":{"@id":"https:\/\/antide.net\/#\/schema\/person\/e136babbff9e45a0ba7a054e90f9bef6"},"alternateName":"Artiste plasticien \u2013 Feuille d\u2019or et mat\u00e9riaux nobles","potentialAction":[{"@type":"SearchAction","target":{"@type":"EntryPoint","urlTemplate":"https:\/\/antide.net\/?s={search_term_string}"},"query-input":{"@type":"PropertyValueSpecification","valueRequired":true,"valueName":"search_term_string"}}],"inLanguage":"en-US"},{"@type":["Person","Organization"],"@id":"https:\/\/antide.net\/#\/schema\/person\/e136babbff9e45a0ba7a054e90f9bef6","name":"Antide","image":{"@type":"ImageObject","inLanguage":"en-US","@id":"https:\/\/i0.wp.com\/antide.net\/wp-content\/uploads\/2025\/01\/cropped-Antide.png?fit=2398%2C801","url":"https:\/\/i0.wp.com\/antide.net\/wp-content\/uploads\/2025\/01\/cropped-Antide.png?fit=2398%2C801","contentUrl":"https:\/\/i0.wp.com\/antide.net\/wp-content\/uploads\/2025\/01\/cropped-Antide.png?fit=2398%2C801","width":2398,"height":801,"caption":"Antide"},"logo":{"@id":"https:\/\/i0.wp.com\/antide.net\/wp-content\/uploads\/2025\/01\/cropped-Antide.png?fit=2398%2C801"},"description":"Artiste plasticien, cr\u00e9ations uniques \u00e0 la feuille d'or sur bois, m\u00e9tal, pierre, et bois.","sameAs":["http:\/\/antide.net","https:\/\/www.instagram.com\/antide_officiel\/"],"url":"http:\/\/antide.net\/en\/author\/antide_admin"}]}},"jetpack_publicize_connections":[],"jetpack_featured_media_url":"https:\/\/i0.wp.com\/antide.net\/wp-content\/uploads\/2025\/06\/Antide-Sincerite-du-Soleil-1.png?fit=561%2C575","jetpack_sharing_enabled":true,"_links":{"self":[{"href":"http:\/\/antide.net\/en\/wp-json\/wp\/v2\/posts\/2013","targetHints":{"allow":["GET"]}}],"collection":[{"href":"http:\/\/antide.net\/en\/wp-json\/wp\/v2\/posts"}],"about":[{"href":"http:\/\/antide.net\/en\/wp-json\/wp\/v2\/types\/post"}],"author":[{"embeddable":true,"href":"http:\/\/antide.net\/en\/wp-json\/wp\/v2\/users\/1"}],"replies":[{"embeddable":true,"href":"http:\/\/antide.net\/en\/wp-json\/wp\/v2\/comments?post=2013"}],"version-history":[{"count":16,"href":"http:\/\/antide.net\/en\/wp-json\/wp\/v2\/posts\/2013\/revisions"}],"predecessor-version":[{"id":2039,"href":"http:\/\/antide.net\/en\/wp-json\/wp\/v2\/posts\/2013\/revisions\/2039"}],"wp:featuredmedia":[{"embeddable":true,"href":"http:\/\/antide.net\/en\/wp-json\/wp\/v2\/media\/1907"}],"wp:attachment":[{"href":"http:\/\/antide.net\/en\/wp-json\/wp\/v2\/media?parent=2013"}],"wp:term":[{"taxonomy":"category","embeddable":true,"href":"http:\/\/antide.net\/en\/wp-json\/wp\/v2\/categories?post=2013"},{"taxonomy":"post_tag","embeddable":true,"href":"http:\/\/antide.net\/en\/wp-json\/wp\/v2\/tags?post=2013"}],"curies":[{"name":"wp","href":"https:\/\/api.w.org\/{rel}","templated":true}]}}